{"id":66,"date":"2024-02-21T11:37:34","date_gmt":"2024-02-21T11:37:34","guid":{"rendered":"https:\/\/encontro3d.pt\/?p=66"},"modified":"2024-03-15T15:36:11","modified_gmt":"2024-03-15T15:36:11","slug":"localizacao","status":"publish","type":"post","link":"https:\/\/encontro3d.pt\/en\/blog\/localizacao\/","title":{"rendered":"Location"},"content":{"rendered":"<p>The 1st 3D printing event in Portugal will be held from March 23 till April 25 <br>at Aveiro-Expo Exhibition Centre <\/p>\n\n\n\n<div class=\"wp-block-columns is-layout-flex wp-container-core-columns-is-layout-9d6595d7 wp-block-columns-is-layout-flex\">\n<div class=\"wp-block-column is-layout-flow wp-block-column-is-layout-flow\">\n<p><\/p>\n\n\n\n<h4 class=\"wp-block-heading has-medium-font-size\"><br>Pavilh\u00e3o B<br>\ud83d\udccd <a href=\"https:\/\/www.google.com\/maps\/place\/\/data=!4m2!3m1!1s0xd23a29e24237193:0xcd091304fa40a6ff?sa=X&amp;ved=2ahUKEwif9J2mhJyEAxXyzAIHHTT9AwcQ4kB6BAgOEAA\">Av. Dom Manuel de Almeida Trindade, 3810-164, Portugal<\/a><br><\/h4>\n<\/div>\n\n\n\n<div class=\"wp-block-column is-layout-flow wp-block-column-is-layout-flow\">\n<figure class=\"wp-block-image size-large\"><img loading=\"lazy\" decoding=\"async\" width=\"1024\" height=\"670\" src=\"https:\/\/encontro3d.pt\/wp-content\/uploads\/2024\/03\/MAPA-ENCONTRO-3D-1024x670.jpg\" alt=\"\" class=\"wp-image-285\" srcset=\"https:\/\/encontro3d.pt\/wp-content\/uploads\/2024\/03\/MAPA-ENCONTRO-3D-1024x670.jpg 1024w, https:\/\/encontro3d.pt\/wp-content\/uploads\/2024\/03\/MAPA-ENCONTRO-3D-300x196.jpg 300w, https:\/\/encontro3d.pt\/wp-content\/uploads\/2024\/03\/MAPA-ENCONTRO-3D-768x502.jpg 768w, https:\/\/encontro3d.pt\/wp-content\/uploads\/2024\/03\/MAPA-ENCONTRO-3D-1536x1005.jpg 1536w, https:\/\/encontro3d.pt\/wp-content\/uploads\/2024\/03\/MAPA-ENCONTRO-3D-18x12.jpg 18w, https:\/\/encontro3d.pt\/wp-content\/uploads\/2024\/03\/MAPA-ENCONTRO-3D.jpg 2013w\" sizes=\"auto, (max-width: 1024px) 100vw, 1024px\" \/><\/figure>\n<\/div>\n<\/div>\n\n\n\n<p>It is integrated in the same space as \"Feira de Mar\u00e7o\", one of the largest economic faires in the country which reaches up to 500,000 visitors a year.<br>This means we will have all of the advantages that this brings, lots of food options, big concerts of well-known artists, amusement parks, and a lot more!<br><br><strong>Our goal has always been and continues to be, to bring 3D printing to everyone.<\/strong><\/p>\n\n\n\n<p>This is a great way to make 3D printing as wel as projects from the community to reach out to the large population in general.<br>You can choose to <a href=\"https:\/\/encontro3d.pt\/en\/chamada-de-participantes\/\">exhibit your projects.<\/a>No matter if they are Perosnal, Academic, or Professional projects.<br><br><\/p>\n\n\n\n<iframe src=\"https:\/\/www.google.com\/maps\/embed?pb=!1m18!1m12!1m3!1d14403.43071277008!2d-8.64163049604318!3d40.6310218191823!2m3!1f0!2f0!3f0!3m2!1i1024!2i768!4f13.1!3m3!1m2!1s0xd23a29e24237193%3A0xcd091304fa40a6ff!2sParque%20de%20Exposi%C3%A7%C3%B5es%20de%20Aveiro!5e0!3m2!1spt-PT!2snl!4v1707405222441!5m2!1spt-PT!2snl\" width=\"1024\" height=\"350\" style=\"border:0;\" allowfullscreen=\"\" loading=\"lazy\" referrerpolicy=\"no-referrer-when-downgrade\"><\/iframe>\n\n\n\n<h2 class=\"wp-block-heading\">How to get to the\"1\u00ba Encontro de Impress\u00e3o 3D Portugal?\"<\/h2>\n\n\n\n<h2 class=\"wp-block-heading\">\u2708\ufe0f Airplane<\/h2>\n\n\n\n<p>If you come from outside of Portugal, and arrive to Porto Airport ( at 85km from the Event). If coming from far in Portugal, it will likely be more confortable to opt for Train, Bus or Car.<\/p>\n\n\n\n<ul class=\"wp-block-list\">\n<li>The airport in Porto. Upon arrival at the Airport:\n<ul class=\"wp-block-list\">\n<li>The bus (shuttle Bus direct Airport-Porto \u2013 Aveiro ( Terminal ) <a href=\"https:\/\/www.flixbus.pt\/\">flixbus.pt<\/a> \u2924 ) )\n<ul class=\"wp-block-list\">\n<li>This is probably the easiest option\/direct\/comfortable, even though the hours are limited. Recommended to check in advance.<em> ~1h20m cost 3\u20ac and 12\u20acfor<\/em><\/li>\n<\/ul>\n<\/li>\n\n\n\n<li>Catch the Metro <a href=\"https:\/\/www.metrodoporto.pt\/\">metrodoporto.pt<\/a> \u2924 )\n<ul class=\"wp-block-list\">\n<li>Take the Subway to Campanh\u00e3 <em>~ 40 minutes, the Z4 Line, And the cost is 2.25\u20ac<\/em><\/li>\n\n\n\n<li>Take the Train <em>(see below)<\/em><\/li>\n<\/ul>\n<\/li>\n\n\n\n<li>UBER\/taxi ride<em>minute total estimated cost <em>\u20ac<\/em>10-25 Airport - Campanh\u00e3 <\/em>\n<ul class=\"wp-block-list\">\n<li>Take the Train <em>(see below)<\/em><\/li>\n<\/ul>\n<\/li>\n<\/ul>\n<\/li>\n<\/ul>\n\n\n\n<h2 class=\"wp-block-heading\">\ud83d\ude86Train<\/h2>\n\n\n\n<ul class=\"wp-block-list\">\n<li>If you come from the North: <a href=\"https:\/\/www.cp.pt\/passageiros\/pt\">cp.pt<\/a> \u2924 )\n<ul class=\"wp-block-list\">\n<li>Catch the Urbano train in Porto-Campanha or Porto-sao Bento and get off at the station of <strong>Aveiro<\/strong><\/li>\n<\/ul>\n<\/li>\n\n\n\n<li>If you come from the South: \n<ul class=\"wp-block-list\">\n<li>Lisboa &#8211; Aveiro <em>service \u201cIC\u201d Inter Cidades, duration 2h23m cost is estimated to be <em>\u20ac<\/em>15 \u2013 25, the values are cheaper when purchased in advance,<\/em><\/li>\n\n\n\n<li>Coimbra &#8211; Aveiro <em> service \u201cR\u201d of the Regional, duration 0h59m a cost of \u20ac5,75<\/em><\/li>\n<\/ul>\n<\/li>\n\n\n\n<li>From from the station of Aveiro\n<ul class=\"wp-block-list\">\n<li>If you would like to walk ~1.8 km and ~ 25 min.<\/li>\n\n\n\n<li>Bike \/ scooter ~1.8 km in ~ 8 min.<\/li>\n\n\n\n<li>Taxi\/TVDE (uber) <em> ~ cost is an estimated 3 to 11\u20ac<\/em> ~1.8km ~ 5 mins.<\/li>\n\n\n\n<li>Bus <em>(see below)<\/em><\/li>\n<\/ul>\n<\/li>\n<\/ul>\n\n\n\n<h2 class=\"wp-block-heading\">\ud83d\ude8c Bus<\/h2>\n\n\n\n<ul class=\"wp-block-list\">\n<li>If you come from Aveiro Station ( Trains )\n<ul class=\"wp-block-list\">\n<li>Pick bus, Line 6, in the direction of Oliveirinha<br><\/li>\n<\/ul>\n<\/li>\n\n\n\n<li>If you come from other locations, Portugal <a href=\"https:\/\/www.flixbus.pt\/\">flixbus.pt<\/a> \u2924 ) ( <a href=\"https:\/\/rede-expressos.pt\/\">rede-expressos.pt<\/a> \u2924 )<\/li>\n<\/ul>\n\n\n\n<p><\/p>\n\n\n\n<h2 class=\"wp-block-heading\">\ud83d\ude99 By car, taxi or TVDE ( Uber, Bolt,... )<\/h2>\n\n\n\n<ul class=\"wp-block-list\">\n<li>There are a great many parking spaces which aare free of charge but places open to the public) around the Park and the Exhibition of the region. <a href=\"https:\/\/maps.app.goo.gl\/uyLuJXkw5pLQeXscA\">Podes colocar no GPS<\/a>  \u2924 )\n<ul class=\"wp-block-list\">\n<li><strong>Please note:<\/strong> The parking is public and not guarded. At the weekends, and during the activities of the event, it will be at the same time as the bulk of the visitors. To find parking freely you may want to arrive early and\/or purchase tickets for entry to \"Feira de Mar\u00e7o\" in advance to avoid the queues.<\/li>\n<\/ul>\n<\/li>\n\n\n\n<li>Se vens de t\u00e1xi ou TVDE, pede para <\/li>\n<\/ul>\n\n\n\n<p><\/p>\n\n\n\n<h2 class=\"wp-block-heading\">\ud83d\udeb2 By foot, Bicycle, or Trotinete<\/h2>\n\n\n\n<ul class=\"wp-block-list\">\n<li>Aveiro is one of the most cycleable cities in Portugal, considered a pioneer in urban use of the bicycle.\n<ul class=\"wp-block-list\">\n<li>You can take advantage of the BUGA, public bike sharing <a href=\"https:\/\/buga.cm-aveiro.pt\/\">buga.cm-aveiro.pt <\/a>\u2924 )<\/li>\n<\/ul>\n<\/li>\n\n\n\n<li>From from the station of Aveiro\n<ul class=\"wp-block-list\">\n<li>If you would like to walk ~1.8 km and ~ 25 min.<\/li>\n\n\n\n<li>Bike \/ scooter ~1.8 km in ~ 8 min.<\/li>\n<\/ul>\n<\/li>\n<\/ul>","protected":false},"excerpt":{"rendered":"<p>O 1\u00ba Evento de Impress\u00e3o 3D em Portugal realiza-se de 23 de Mar\u00e7o a 25 de Abril no Aveiro-Expo, Parque de Exposi\u00e7\u00f5es de Aveiro. Pavilh\u00e3o B\ud83d\udccd Av. Dom Manuel de Almeida Trindade, 3810-164, Portugal Est\u00e1 integrado no mesmo espa\u00e7o da Feira de Mar\u00e7o, uma das maiores feiras econ\u00f3micas do pa\u00eds, que conta j\u00e1 com mais [&hellip;]<\/p>","protected":false},"author":1,"featured_media":0,"comment_status":"open","ping_status":"open","sticky":false,"template":"","format":"standard","meta":{"_seopress_robots_primary_cat":"none","_seopress_titles_title":"","_seopress_titles_desc":"","_seopress_robots_index":"","iawp_total_views":661,"footnotes":""},"categories":[1],"tags":[9,10,11,12],"class_list":["post-66","post","type-post","status-publish","format-standard","hentry","category-uncategorized","tag-como-chegar","tag-local","tag-localizacao","tag-location"],"_links":{"self":[{"href":"https:\/\/encontro3d.pt\/en\/wp-json\/wp\/v2\/posts\/66","targetHints":{"allow":["GET"]}}],"collection":[{"href":"https:\/\/encontro3d.pt\/en\/wp-json\/wp\/v2\/posts"}],"about":[{"href":"https:\/\/encontro3d.pt\/en\/wp-json\/wp\/v2\/types\/post"}],"author":[{"embeddable":true,"href":"https:\/\/encontro3d.pt\/en\/wp-json\/wp\/v2\/users\/1"}],"replies":[{"embeddable":true,"href":"https:\/\/encontro3d.pt\/en\/wp-json\/wp\/v2\/comments?post=66"}],"version-history":[{"count":3,"href":"https:\/\/encontro3d.pt\/en\/wp-json\/wp\/v2\/posts\/66\/revisions"}],"predecessor-version":[{"id":287,"href":"https:\/\/encontro3d.pt\/en\/wp-json\/wp\/v2\/posts\/66\/revisions\/287"}],"wp:attachment":[{"href":"https:\/\/encontro3d.pt\/en\/wp-json\/wp\/v2\/media?parent=66"}],"wp:term":[{"taxonomy":"category","embeddable":true,"href":"https:\/\/encontro3d.pt\/en\/wp-json\/wp\/v2\/categories?post=66"},{"taxonomy":"post_tag","embeddable":true,"href":"https:\/\/encontro3d.pt\/en\/wp-json\/wp\/v2\/tags?post=66"}],"curies":[{"name":"wp","href":"https:\/\/api.w.org\/{rel}","templated":true}]}}