{"id":385,"date":"2024-03-20T12:58:54","date_gmt":"2024-03-20T12:58:54","guid":{"rendered":"https:\/\/encontro3d.pt\/?p=385"},"modified":"2024-03-22T15:20:52","modified_gmt":"2024-03-22T15:20:52","slug":"qa-tudo-sobre-o-evento","status":"publish","type":"post","link":"https:\/\/encontro3d.pt\/en\/blog\/qa-tudo-sobre-o-evento\/","title":{"rendered":"Q&#038;A &#8211; TUDO sobre o Evento"},"content":{"rendered":"<p><\/p>\n\n\n\n<h3 class=\"wp-block-heading\">\u2705 O que \u00e9 o 1\u00ba Encontro de Impress\u00e3o 3D Portugal<\/h3>\n\n\n\n<p>\u00c9 um evento \/ ajuntamento de f\u00e3s de Impress\u00e3o 3D e Makers, com workshops\/talks\/apresenta\u00e7\u00f5es relacionadas com a Impress\u00e3o 3D.<br><strong>Os nossos objectivos s\u00e3o:<\/strong><br>&#8211; dar uma oportunidade gratuita \u00e0 comunidade 3D de expor os seus projectos de  Impress\u00e3o 3D ao mundo <br>&#8211; trazer mais pessoas para a Impress\u00e3o 3D. <br> Por isso estamos a realizar o nosso evento dentro de um evento j\u00e1 existente (A Feira de Mar\u00e7o, Aveiro)<br><strong>\u00c9 uma oportunidade para:<\/strong><br>&#8211; Descobrir e aprender sobre Impress\u00e3o 3D, quer sejas experiente ou novato.<br>&#8211; Mostrares os teus projectos e trabalhos 3D ao mundo.<br>&#8211; Conviveres e conheceres malta do 3D.<\/p>\n\n\n\n<p><br><br><\/p>\n\n\n\n<h3 class=\"wp-block-heading\">\ud83d\ude97 Onde \u00e9? \/ Como chegar? \/ Como funciona?<\/h3>\n\n\n\n<p>O nosso evento \u00e9 um espa\u00e7o (stand) dentro da Feira de Mar\u00e7o no Parque de Exposi\u00e7\u00f5es de Aveiro.<br>Consulta aqui para saberes <a href=\"https:\/\/encontro3d.pt\/en\/blog\/localizacao\/\">como chegar<\/a>: <a href=\"https:\/\/encontro3d.pt\/en\/blog\/localizacao\/\">https:\/\/encontro3d.pt\/localizacao\/<\/a><br><br><\/p>\n\n\n\n<h3 class=\"wp-block-heading\">\u231a Hor\u00e1rio?<\/h3>\n\n\n\n<p><strong>Consulta o Hor\u00e1rio e programa\u00e7\u00e3o do evento aqui: <a href=\"https:\/\/encontro3d.pt\/en\/programa\/\">https:\/\/encontro3d.pt\/programa\/<br><\/a><\/strong>Todo o recinto da Feira de Mar\u00e7o (Onde o nosso espa\u00e7o\/evento se encontra) est\u00e1 aberta ao p\u00fablico das 10:00 \u00e0s 23:30. <\/p>\n\n\n\n<p><br><\/p>\n\n\n\n<p><\/p>\n\n\n\n<h3 class=\"wp-block-heading\">\ud83d\udcb0 Quanto Custa ? \/ Tem algum custo entrar?<\/h3>\n\n\n\n<p>Entrada na<strong> Feira de Mar\u00e7o pode ter um custo<\/strong> ( de 3\u20ac a 6\u20ac dependendo dos dias, com acesso a concertos e muito mais ) <strong>Consulta o custo aqui: <a href=\"https:\/\/www.feirademarco.pt\/#cartaz\">https:\/\/www.feirademarco.pt\/#cartaz<\/a><\/strong><br><strong>Participa\u00e7\u00e3o nas actividades do nosso evento \u00e9 gratuita. <\/strong><br>Caso queiras apoiar o Encontro 3D podes adquirir um <a href=\"https:\/\/evolt.pt\/?s=tshirt&amp;post_type=product&amp;dgwt_wcas=1\">pack de apoiante<\/a><\/p>\n\n\n\n<p>Comprei um pack de apoiante, e agora? L\u00ea este artigo: <a href=\"https:\/\/encontro3d.pt\/en\/blog\/tudo-sobre-o-pack-apoiante-do-evento\/\">https:\/\/encontro3d.pt\/tudo-sobre-o-pack-apoiante-do-evento\/<\/a><\/p>\n\n\n\n<p>Entrada para Expositores de projecto e\/ou Oradores \u00e9 gratuita e coberta por n\u00f3s ( 1 entrada gratuita por projecto )<\/p>\n\n\n\n<p><br><br><\/p>\n\n\n\n<h3 class=\"wp-block-heading\">\ud83e\udd20 Como Participar?<\/h3>\n\n\n\n<p>Queres visitar? Mostrar os teus projectos? Ou ser um Orador\/Realizar um Workshop?<br>Consulta aqui para saberes como participar: <a href=\"https:\/\/encontro3d.pt\/en\/blog\/participar-no-evento\/\">https:\/\/encontro3d.pt\/participar-no-evento\/<\/a><\/p>\n\n\n\n<p><\/p>","protected":false},"excerpt":{"rendered":"<p>\u2705 O que \u00e9 o 1\u00ba Encontro de Impress\u00e3o 3D Portugal \u00c9 um evento \/ ajuntamento de f\u00e3s de Impress\u00e3o 3D e Makers, com workshops\/talks\/apresenta\u00e7\u00f5es relacionadas com a Impress\u00e3o 3D.Os nossos objectivos s\u00e3o:&#8211; dar uma oportunidade gratuita \u00e0 comunidade 3D de expor os seus projectos de Impress\u00e3o 3D ao mundo &#8211; trazer mais pessoas para [&hellip;]<\/p>","protected":false},"author":1,"featured_media":0,"comment_status":"open","ping_status":"open","sticky":false,"template":"","format":"standard","meta":{"_seopress_robots_primary_cat":"none","_seopress_titles_title":"","_seopress_titles_desc":"","_seopress_robots_index":"","iawp_total_views":89,"footnotes":""},"categories":[1],"tags":[],"class_list":["post-385","post","type-post","status-publish","format-standard","hentry","category-uncategorized"],"_links":{"self":[{"href":"https:\/\/encontro3d.pt\/en\/wp-json\/wp\/v2\/posts\/385","targetHints":{"allow":["GET"]}}],"collection":[{"href":"https:\/\/encontro3d.pt\/en\/wp-json\/wp\/v2\/posts"}],"about":[{"href":"https:\/\/encontro3d.pt\/en\/wp-json\/wp\/v2\/types\/post"}],"author":[{"embeddable":true,"href":"https:\/\/encontro3d.pt\/en\/wp-json\/wp\/v2\/users\/1"}],"replies":[{"embeddable":true,"href":"https:\/\/encontro3d.pt\/en\/wp-json\/wp\/v2\/comments?post=385"}],"version-history":[{"count":5,"href":"https:\/\/encontro3d.pt\/en\/wp-json\/wp\/v2\/posts\/385\/revisions"}],"predecessor-version":[{"id":418,"href":"https:\/\/encontro3d.pt\/en\/wp-json\/wp\/v2\/posts\/385\/revisions\/418"}],"wp:attachment":[{"href":"https:\/\/encontro3d.pt\/en\/wp-json\/wp\/v2\/media?parent=385"}],"wp:term":[{"taxonomy":"category","embeddable":true,"href":"https:\/\/encontro3d.pt\/en\/wp-json\/wp\/v2\/categories?post=385"},{"taxonomy":"post_tag","embeddable":true,"href":"https:\/\/encontro3d.pt\/en\/wp-json\/wp\/v2\/tags?post=385"}],"curies":[{"name":"wp","href":"https:\/\/api.w.org\/{rel}","templated":true}]}}